{"id":1111,"date":"2024-01-23T14:28:37","date_gmt":"2024-01-23T13:28:37","guid":{"rendered":"http:\/\/uksopty.pl\/?p=1111"},"modified":"2024-01-23T14:36:29","modified_gmt":"2024-01-23T13:36:29","slug":"zebranie-sprawozdawczo-wyborcze","status":"publish","type":"post","link":"http:\/\/uksopty.pl\/?p=1111","title":{"rendered":"Zebranie Sprawozdawczo-Wyborcze UKS Opty"},"content":{"rendered":"\n<p>W dniu 12.12.2024 roku odby\u0142o si\u0119 Walne Zebranie Sprawozdawczo-Wyborcze UKS Opty.<\/p>\n\n\n\n<p>Na zebraniu Sekretarz zarz\u0105du Klubu Bogdan Gruba z\u0142o\u017cy\u0142 sprawozdanie z dzia\u0142alno\u015bci Klubu w mijaj\u0105cej kadencji. W sprawozdaniu zosta\u0142y wymienione:<\/p>\n\n\n\n<ul class=\"wp-block-list\">\n<li>najwa\u017cniejsze osi\u0105gni\u0119cia sportowe klubu<\/li>\n\n\n\n<li>osi\u0105gni\u0119cia organizacyjne<\/li>\n\n\n\n<li>podsumowanie dzia\u0142alno\u015bci finansowej<\/li>\n<\/ul>\n\n\n\n<p>Nast\u0119pnie Przewodnicz\u0105cy Komisji Rewizyjnej Wies\u0142aw Citko przedstawi\u0142 ocen\u0119 dzia\u0142alno\u015bci Zarz\u0105du w latach 2019-2023 i&nbsp; wyst\u0105pi\u0142 do Walnego Zebrania Sprawozdawczo-Wyborczego o udzielenie wotum zaufania ust\u0119puj\u0105cemu Zarz\u0105dowi.&nbsp; Zosta\u0142o ono udzielone jednog\u0142o\u015bnie.<\/p>\n\n\n\n<p>W dalszej cz\u0119\u015bci zebrania zosta\u0142y wybrane w\u0142adze klubu na kadencj\u0119 2023-2025.<\/p>\n\n\n\n<p>Sk\u0142ad nowego Zarz\u0105du UKS Opty:<\/p>\n\n\n\n<ul class=\"wp-block-list\">\n<li>Mariusz \u017belechowski &#8211; Prezes Zarz\u0105du<\/li>\n\n\n\n<li>Bogdan Gruba &#8211; Sekretarz Zarz\u0105du<\/li>\n\n\n\n<li>Monika Stafiniak &#8211; Kronikarz Zarz\u0105du<\/li>\n\n\n\n<li>Katarzyna Kruszy\u0144ska Muller &#8211; Skarbnik Zarz\u0105du<\/li>\n\n\n\n<li>Natalia Tsoi &#8211; Cz\u0142onek Zarz\u0105du<\/li>\n\n\n\n<li>Piotr Kraszewski &#8211; Cz\u0142onek Zarz\u0105du<\/li>\n\n\n\n<li>Krzysztof Dietrich &#8211; Cz\u0142onek Zarz\u0105du<\/li>\n\n\n\n<li>Anna Zarychta &#8211; Hala &#8211; Cz\u0142onek Zarz\u0105du<\/li>\n<\/ul>\n\n\n\n<p>Sk\u0142ad Komisji Rewizyjnej:<\/p>\n\n\n\n<ul class=\"wp-block-list\">\n<li>Wies\u0142aw Citko &#8211; Przewodnicz\u0105cy Komisji Rewizyjnej<\/li>\n\n\n\n<li> &#8211; Sekretarz Komisji Rewizyjnej<\/li>\n\n\n\n<li> &#8211; Cz\u0142onek Komisji Rewizyjnej<\/li>\n<\/ul>\n","protected":false},"excerpt":{"rendered":"<p>W dniu 12.12.2024 roku odby\u0142o si\u0119 Walne Zebranie Sprawozdawczo-Wyborcze UKS Opty. Na zebraniu Sekretarz zarz\u0105du Klubu Bogdan Gruba z\u0142o\u017cy\u0142 sprawozdanie z dzia\u0142alno\u015bci Klubu w mijaj\u0105cej kadencji. W sprawozdaniu zosta\u0142y wymienione: Nast\u0119pnie Przewodnicz\u0105cy Komisji Rewizyjnej Wies\u0142aw Citko przedstawi\u0142 ocen\u0119 dzia\u0142alno\u015bci Zarz\u0105du w latach 2019-2023 i&nbsp; wyst\u0105pi\u0142 do Walnego Zebrania Sprawozdawczo-Wyborczego o udzielenie wotum zaufania ust\u0119puj\u0105cemu Zarz\u0105dowi.&nbsp; [&hellip;]<\/p>\n","protected":false},"author":1,"featured_media":0,"comment_status":"closed","ping_status":"","sticky":false,"template":"","format":"standard","meta":{"footnotes":""},"categories":[2],"tags":[],"class_list":["post-1111","post","type-post","status-publish","format-standard","hentry","category-wydarzenia"],"_links":{"self":[{"href":"http:\/\/uksopty.pl\/index.php?rest_route=\/wp\/v2\/posts\/1111","targetHints":{"allow":["GET"]}}],"collection":[{"href":"http:\/\/uksopty.pl\/index.php?rest_route=\/wp\/v2\/posts"}],"about":[{"href":"http:\/\/uksopty.pl\/index.php?rest_route=\/wp\/v2\/types\/post"}],"author":[{"embeddable":true,"href":"http:\/\/uksopty.pl\/index.php?rest_route=\/wp\/v2\/users\/1"}],"replies":[{"embeddable":true,"href":"http:\/\/uksopty.pl\/index.php?rest_route=%2Fwp%2Fv2%2Fcomments&post=1111"}],"version-history":[{"count":3,"href":"http:\/\/uksopty.pl\/index.php?rest_route=\/wp\/v2\/posts\/1111\/revisions"}],"predecessor-version":[{"id":1115,"href":"http:\/\/uksopty.pl\/index.php?rest_route=\/wp\/v2\/posts\/1111\/revisions\/1115"}],"wp:attachment":[{"href":"http:\/\/uksopty.pl\/index.php?rest_route=%2Fwp%2Fv2%2Fmedia&parent=1111"}],"wp:term":[{"taxonomy":"category","embeddable":true,"href":"http:\/\/uksopty.pl\/index.php?rest_route=%2Fwp%2Fv2%2Fcategories&post=1111"},{"taxonomy":"post_tag","embeddable":true,"href":"http:\/\/uksopty.pl\/index.php?rest_route=%2Fwp%2Fv2%2Ftags&post=1111"}],"curies":[{"name":"wp","href":"https:\/\/api.w.org\/{rel}","templated":true}]}}